{"id":2048,"date":"2026-08-12T16:07:03","date_gmt":"2026-08-12T19:07:03","guid":{"rendered":"https:\/\/comtax.com.br\/?p=2048"},"modified":"2026-08-12T16:07:03","modified_gmt":"2026-08-12T19:07:03","slug":"reforma-tributaria-ibs-e-cbs","status":"publish","type":"post","link":"https:\/\/comtax.com.br\/en\/reforma-tributaria-ibs-e-cbs\/","title":{"rendered":"Reforma Tribut\u00e1ria: DUIMP passa a incorporar informa\u00e7\u00e3o para demonstra\u00e7\u00e3o do IBS e CBS"},"content":{"rendered":"<p class=\"wp-block-paragraph\">Altera\u00e7\u00e3o inclui UF e munic\u00edpio de destino dos itens e exige adequa\u00e7\u00f5es nas integra\u00e7\u00f5es via API<\/p>\n\n\n\n<p class=\"wp-block-paragraph\">O<a href=\"https:\/\/docs.portalunico.siscomex.gov.br\/%20\" target=\"_blank\" rel=\"noreferrer noopener\">&nbsp;Portal \u00danico Siscomex<\/a>&nbsp;est\u00e1 incorporando \u00e0 Declara\u00e7\u00e3o \u00danica de Importa\u00e7\u00e3o (DUIMP) as altera\u00e7\u00f5es necess\u00e1rias \u00e0 implementa\u00e7\u00e3o da Reforma Tribut\u00e1ria do Consumo (RTC), com a inclus\u00e3o de informa\u00e7\u00f5es destinadas ao c\u00e1lculo e \u00e0 demonstra\u00e7\u00e3o do IBS e da CBS nas opera\u00e7\u00f5es de importa\u00e7\u00e3o.<\/p>\n\n\n\n<p class=\"wp-block-paragraph\">Conforme divulgado na&nbsp;<a href=\"https:\/\/www.legisweb.com.br\/noticia\/?legislacao=499065\" target=\"_blank\" rel=\"noreferrer noopener\">Not\u00edcia Siscomex Importa\u00e7\u00e3o N\u00ba 083\/2026<\/a>, a nova vers\u00e3o do sistema, denominada Release Paran\u00e1-RTC, passou a ser disponibilizada no ambiente de Treinamento em 8 de agosto de 2026.<\/p>\n\n\n\n<p class=\"wp-block-paragraph\">Principais altera\u00e7\u00f5es na DUIMP<\/p>\n\n\n\n<p class=\"wp-block-paragraph\">A nova vers\u00e3o contempla a inclus\u00e3o da informa\u00e7\u00e3o do munic\u00edpio e da unidade da Federa\u00e7\u00e3o de destino de cada item da DUIMP. A altera\u00e7\u00e3o est\u00e1 relacionada \u00e0 aplica\u00e7\u00e3o do princ\u00edpio do destino na Reforma Tribut\u00e1ria e permitir\u00e1 ao sistema processar e demonstrar os valores de IBS e CBS correspondentes aos itens importados.<\/p>\n\n\n\n<p class=\"wp-block-paragraph\">Em 2026, os valores dos novos tributos ser\u00e3o apenas demonstrados no sistema, sem obrigatoriedade de recolhimento.<\/p>\n\n\n\n<p class=\"wp-block-paragraph\">Outro ponto de aten\u00e7\u00e3o envolve as empresas que utilizam integra\u00e7\u00e3o via API. A nova vers\u00e3o contempla atributos obrigat\u00f3rios para o registro da DUIMP, exigindo adequa\u00e7\u00f5es nos sistemas integrados ao Portal \u00danico. Recomenda-se a realiza\u00e7\u00e3o de testes no ambiente de Treinamento antes da implanta\u00e7\u00e3o em produ\u00e7\u00e3o.<\/p>\n\n\n\n<p class=\"wp-block-paragraph\">A previs\u00e3o \u00e9 de que as altera\u00e7\u00f5es sejam disponibilizadas no ambiente de Produ\u00e7\u00e3o ao final de agosto de 2026.<\/p>\n\n\n\n<p class=\"wp-block-paragraph\">Aten\u00e7\u00e3o \u00e0s integra\u00e7\u00f5es<\/p>\n\n\n\n<p class=\"wp-block-paragraph\">As empresas importadoras devem avaliar desde j\u00e1 os impactos da nova estrutura da DUIMP, especialmente quanto \u00e0 disponibiliza\u00e7\u00e3o das informa\u00e7\u00f5es de UF e munic\u00edpio de destino e \u00e0 adequa\u00e7\u00e3o das integra\u00e7\u00f5es via API.<\/p>\n\n\n\n<p class=\"wp-block-paragraph\"><strong>Fonte:<\/strong>&nbsp;<em>Legisweb Consultoria<\/em><\/p>\n\n\n\n<h1 class=\"wp-block-heading\">Simples Nacional: Exig\u00eancia de emiss\u00e3o da NFS-e pelo sistema nacional \u00e9 adiada para 1\u00ba\/11\/2026 Reforma Tribut\u00e1ria\/S\u00e3o Paulo:<\/h1>\n\n\n\n<p class=\"wp-block-paragraph\">O Comit\u00ea Gestor do Simples Nacional (CGSN) publicou a&nbsp;<a href=\"https:\/\/www.legisweb.com.br\/noticia\/?legislacao=499104\" target=\"_blank\" rel=\"noreferrer noopener\">Resolu\u00e7\u00e3o CGSN n\u00ba 191, de 4 de agosto de 2026<\/a>, que altera o prazo de obrigatoriedade do uso do Emissor Nacional da Nota Fiscal de Servi\u00e7o eletr\u00f4nica (NFS-e) para os contribuintes optantes pelo Regime Especial Unificado de Arrecada\u00e7\u00e3o de Tributos e Contribui\u00e7\u00f5es devidos pelas Microempresas e Empresas de Pequeno Porte (Simples Nacional).<\/p>\n\n\n\n<p class=\"wp-block-paragraph\">Com a nova determina\u00e7\u00e3o, a exig\u00eancia de emiss\u00e3o da NFS-e por meio do sistema nacional, que passaria a vigorar em 1\u00ba de setembro de 2026, foi adiada para 1\u00ba de novembro de 2026.<\/p>\n\n\n\n<p class=\"wp-block-paragraph\">Consulte a&nbsp;<a href=\"https:\/\/www.legisweb.com.br\/noticia\/?legislacao=499104\" target=\"_blank\" rel=\"noreferrer noopener\">Resolu\u00e7\u00e3o CGSN n\u00ba 191, de 4 de agosto de 2026<\/a>.<\/p>\n\n\n\n<p class=\"wp-block-paragraph\"><strong>Fonte:<\/strong>\u00a0<em>Prefeitura de S\u00e3o Paulo<\/em><\/p>\n\n\n\n<h2 class=\"wp-block-heading\">Reforma tribut\u00e1ria: CGSN atualiza regras do Simples Nacional para adequa\u00e7\u00e3o \u00e0 Reforma Tribut\u00e1ria do Consumo<br><\/h2>\n\n\n\n<p class=\"wp-block-paragraph\">O Comit\u00ea Gestor do Simples Nacional (CGSN) aprovou novas altera\u00e7\u00f5es na regulamenta\u00e7\u00e3o do Simples Nacional com o objetivo de adequar o regime \u00e0s mudan\u00e7as introduzidas pela Reforma Tribut\u00e1ria do Consumo (RTC) e disciplinar a incorpora\u00e7\u00e3o do IBS e da CBS ao regime.<\/p>\n\n\n\n<p class=\"wp-block-paragraph\">Entre as principais mudan\u00e7as est\u00e1 a incorpora\u00e7\u00e3o da Contribui\u00e7\u00e3o sobre Bens e Servi\u00e7os (CBS) e do Imposto sobre Bens e Servi\u00e7os (IBS) \u00e0s regras do Simples Nacional. A regulamenta\u00e7\u00e3o passa a contemplar os novos tributos na arrecada\u00e7\u00e3o pelo regime, na fiscaliza\u00e7\u00e3o e no contencioso administrativo fiscal, ao mesmo tempo em que promove as adequa\u00e7\u00f5es decorrentes da substitui\u00e7\u00e3o do PIS e da Cofins. A CBS e o IBS passam a integrar expressamente a rela\u00e7\u00e3o de tributos abrangidos pelo Simples Nacional.<\/p>\n\n\n\n<p class=\"wp-block-paragraph\">As Resolu\u00e7\u00f5es CGSN n\u00ba 190 e n\u00ba 191, de 2026, somam-se \u00e0s modifica\u00e7\u00f5es j\u00e1 promovidas pela&nbsp;<a href=\"https:\/\/www.legisweb.com.br\/noticia\/?legislacao=484849\" target=\"_blank\" rel=\"noreferrer noopener\">Resolu\u00e7\u00e3o CGSN n\u00ba 183, de 2025<\/a>, e d\u00e3o continuidade ao processo de adapta\u00e7\u00e3o da Resolu\u00e7\u00e3o CGSN n\u00ba 140, de 2018, \u00e0s Leis Complementares n\u00ba 214, de 2025, e n\u00ba 227, de 2026. A Resolu\u00e7\u00e3o CGSN n\u00ba 190 prev\u00ea que suas altera\u00e7\u00f5es&nbsp;<strong>produzir\u00e3o efeitos, em regra, a partir de 1\u00ba de janeiro de 2027.<\/strong><\/p>\n\n\n\n<p class=\"wp-block-paragraph\"><strong>Novos prazos de op\u00e7\u00e3o para 2027 exigem aten\u00e7\u00e3o<\/strong><\/p>\n\n\n\n<p class=\"wp-block-paragraph\">Uma das altera\u00e7\u00f5es de maior impacto operacional \u00e9 a mudan\u00e7a dos per\u00edodos para formaliza\u00e7\u00e3o das op\u00e7\u00f5es pelo Simples Nacional e pelo recolhimento da CBS e do IBS segundo o regime regular.<\/p>\n\n\n\n<p class=\"wp-block-paragraph\"><strong>O que muda na pr\u00e1tica?&nbsp;<\/strong><strong>CBS e IBS passam a fazer parte do Simples Nacional<\/strong><\/p>\n\n\n\n<p class=\"wp-block-paragraph\">A regulamenta\u00e7\u00e3o passa a tratar expressamente da CBS e do IBS nas regras de arrecada\u00e7\u00e3o, fiscaliza\u00e7\u00e3o e contencioso administrativo do Simples Nacional. Esses tributos passam a integrar a rela\u00e7\u00e3o de tributos abrangidos pelo regime.<\/p>\n\n\n\n<p class=\"wp-block-paragraph\">Ao mesmo tempo, as normas tamb\u00e9m promovem os ajustes necess\u00e1rios em raz\u00e3o da substitui\u00e7\u00e3o do PIS e da Cofins pela CBS.<\/p>\n\n\n\n<p class=\"wp-block-paragraph\"><strong>Aten\u00e7\u00e3o aos novos prazos de op\u00e7\u00e3o referente ao ano de 2027<\/strong><\/p>\n\n\n\n<p class=\"wp-block-paragraph\">Uma das mudan\u00e7as mais importantes diz respeito aos per\u00edodos para ades\u00e3o ao Simples Nacional e para escolha do recolhimento da CBS e do IBS pelo regime regular, ou seja, s\u00e3o dois tipos de op\u00e7\u00f5es: uma para ades\u00e3o ao regime do Simples Nacional e outra para escolher recolher o IBS e a CBS fora do Simples Nacional.<\/p>\n\n\n\n<p class=\"wp-block-paragraph\"><strong>1. Op\u00e7\u00e3o pelo Simples Nacional (Apenas para quem n\u00e3o \u00e9 do SN)<\/strong><br>O contribuinte que desejar ingressar no Simples Nacional em janeiro de 2027 dever\u00e1 fazer a solicita\u00e7\u00e3o entre&nbsp;<strong>1\u00ba e 30 de setembro de 2026<\/strong>, para produzir efeitos a partir de&nbsp;<strong>1\u00ba de janeiro do ano seguinte<\/strong>. Quem solicitar a op\u00e7\u00e3o poder\u00e1 cancel\u00e1-la at\u00e9&nbsp;<strong>30 de novembro do mesmo ano<\/strong>.<\/p>\n\n\n\n<p class=\"wp-block-paragraph\"><strong>2. Op\u00e7\u00e3o pelo regime regular da CBS e do IBS para o primeiro semestre de 2027<\/strong><\/p>\n\n\n\n<p class=\"wp-block-paragraph\">Apenas aqueles que s\u00e3o do Simples ou que fizerem a op\u00e7\u00e3o pelo Simples em setembro e queiram recolher a IBS e CBS por fora.&nbsp;<strong>Surge a possibilidade do Simples Nacional com IBS e CBS no regime regular<\/strong>.&nbsp;A empresa poder\u00e1 permanecer no Simples Nacional e, ao mesmo tempo, recolher a CBS e o IBS pelas regras do regime regular.&nbsp;Nessa situa\u00e7\u00e3o, conhecida informalmente como&nbsp;<strong>Simples Nacional h\u00edbrido<\/strong>, as parcelas correspondentes \u00e0 CBS e ao IBS deixam de ser cobradas no Documento de Arrecada\u00e7\u00e3o do Simples Nacional (DAS) e passam a ser apuradas conforme as regras pr\u00f3prias desses tributos.&nbsp;A empresa que j\u00e1 \u00e9 optante pelo Simples Nacional poder\u00e1 optar por recolher a CBS e o IBS fora do regime \u00fanico entre&nbsp;<strong>1\u00ba e 30 de setembro<\/strong>. Ou seja, s\u00f3 precisa fazer a op\u00e7\u00e3o aquela empresa que n\u00e3o deseja recolher a CBS e IBS dentro do regime.&nbsp;A escolha valer\u00e1 para o per\u00edodo de<strong>&nbsp;janeiro a junho do ano seguinte<\/strong>&nbsp;e poder\u00e1 ser cancelada&nbsp;<strong>at\u00e9 30 de novembro<\/strong>. Ent\u00e3o, aquele que optar em setembro e se arrepender, pode cancelar at\u00e9 a data de 30 de novembro.&nbsp;Ressalta-se que em fun\u00e7\u00e3o da data de publica\u00e7\u00e3o da nova al\u00edquota de refer\u00eancia da CBS, a CGSN poder\u00e1 postergar a data final do prazo de cancelamento da op\u00e7\u00e3o.<\/p>\n\n\n\n<p class=\"wp-block-paragraph\"><strong>3. Op\u00e7\u00e3o pelo regime regular da CBS e do IBS no segundo semestre<\/strong><\/p>\n\n\n\n<p class=\"wp-block-paragraph\">A op\u00e7\u00e3o dever\u00e1 ser realizada entre<strong>&nbsp;1\u00ba e 31 de mar\u00e7o<\/strong>. Essa op\u00e7\u00e3o serve para quem n\u00e3o optou pelo regime regular da CBS e IBS no semestre anterior e resolveu fazer essa op\u00e7\u00e3o para o 2\u00ba semestre de 2027.&nbsp;Nesse caso, produzir\u00e1 efeitos de<strong>&nbsp;1\u00ba de julho a 31 de dezembro<\/strong>&nbsp;do mesmo ano, podendo ser cancelada at\u00e9<strong>&nbsp;31 de maio<\/strong>.<\/p>\n\n\n\n<p class=\"wp-block-paragraph\"><strong>4. Continuidade da op\u00e7\u00e3o<\/strong><br>Quem optar pelo regime regular da CBS e do IBS continuar\u00e1 nesse modelo nos per\u00edodos seguintes, salvo ren\u00fancia expressa nos prazos definidos pela regulamenta\u00e7\u00e3o.<\/p>\n\n\n\n<p class=\"wp-block-paragraph\"><strong>Em resumo:<\/strong><\/p>\n\n\n\n<p class=\"wp-block-paragraph\">&nbsp;&#8211; Se a empresa n\u00e3o for optante do Simples Nacional: Poder\u00e1 optar em Setembro\/2026, inclusive as que foram exclu\u00eddas (consulte a situa\u00e7\u00e3o fiscal no portal do Simples Nacional)<\/p>\n\n\n\n<p class=\"wp-block-paragraph\">&nbsp;&#8211; Se ele j\u00e1 for optante do Simples Nacional e quiser recolher CBS\/IBS pelo regime regular (por fora do SN): Dever\u00e1 optar em Setembro\/2026.<\/p>\n\n\n\n<p class=\"wp-block-paragraph\">&nbsp;&#8211; Se&nbsp;<strong>n\u00e3o<\/strong>&nbsp;optou em setembro de 2026 pelo regime regular da IBS e CBS (por fora) para o 1\u00ba semestre de 2027 e quiser optar para o 2\u00ba semestre do ano de 2027 poder\u00e1 fazer at\u00e9 o fim de mar\u00e7o do ano que vem.<\/p>\n\n\n\n<p class=\"wp-block-paragraph\">&nbsp;&#8211; Quem j\u00e1 \u00e9 do Simples e quer recolher CBS e IBS dentro do regime n\u00e3o precisa fazer nada.<\/p>\n\n\n\n<p class=\"wp-block-paragraph\">&nbsp;&#8211; Manuten\u00e7\u00e3o da escolha: uma vez feita a op\u00e7\u00e3o pelo regime regular do IBS e da CBS, a aus\u00eancia de ren\u00fancia nos per\u00edodos seguintes implicar\u00e1 a sua continuidade<\/p>\n\n\n\n<p class=\"wp-block-paragraph\"><strong>Mudan\u00e7as na apura\u00e7\u00e3o e na base de c\u00e1lculo<\/strong><br>A regulamenta\u00e7\u00e3o tamb\u00e9m atualiza diversos conceitos utilizados no Simples Nacional, incluindo:<\/p>\n\n\n\n<p class=\"wp-block-paragraph\">&nbsp;&#8211; empresa em in\u00edcio de atividade;<\/p>\n\n\n\n<p class=\"wp-block-paragraph\">&nbsp;&#8211; data de in\u00edcio de atividade;<\/p>\n\n\n\n<p class=\"wp-block-paragraph\">&nbsp;&#8211; receita bruta acumulada nos 12 meses anteriores (RBT12);<\/p>\n\n\n\n<p class=\"wp-block-paragraph\">&nbsp;&#8211; folha de sal\u00e1rios dos 12 meses anteriores (FS12).<\/p>\n\n\n\n<p class=\"wp-block-paragraph\">Tamb\u00e9m foram atualizadas as regras sobre receita bruta e base de c\u00e1lculo.<br>Passam a ser expressamente abrangidas as receitas decorrentes de opera\u00e7\u00f5es com:<\/p>\n\n\n\n<p class=\"wp-block-paragraph\">&nbsp;&#8211; bens materiais;<\/p>\n\n\n\n<p class=\"wp-block-paragraph\">&nbsp;&#8211; bens imateriais;<\/p>\n\n\n\n<p class=\"wp-block-paragraph\">&nbsp;&#8211; direitos;<\/p>\n\n\n\n<p class=\"wp-block-paragraph\">&nbsp;&#8211; servi\u00e7os.<\/p>\n\n\n\n<p class=\"wp-block-paragraph\">A norma tamb\u00e9m esclarece o tratamento de:<\/p>\n\n\n\n<p class=\"wp-block-paragraph\">&nbsp;&#8211; gorjetas;<\/p>\n\n\n\n<p class=\"wp-block-paragraph\">&nbsp;&#8211; juros;<\/p>\n\n\n\n<p class=\"wp-block-paragraph\">&nbsp;&#8211; multas;<\/p>\n\n\n\n<p class=\"wp-block-paragraph\">&nbsp;&#8211; acr\u00e9scimos;<\/p>\n\n\n\n<p class=\"wp-block-paragraph\">&nbsp;&#8211; encargos.<\/p>\n\n\n\n<p class=\"wp-block-paragraph\">Al\u00e9m disso, os valores da CBS e do IBS recolhidos pelo regime regular n\u00e3o integrar\u00e3o a receita bruta considerada para fins do Simples Nacional.<\/p>\n\n\n\n<p class=\"wp-block-paragraph\"><strong>Nova regra para reconhecimento da receita<\/strong><\/p>\n\n\n\n<p class=\"wp-block-paragraph\">A regulamenta\u00e7\u00e3o passa a vincular o faturamento, para fins de apura\u00e7\u00e3o do Simples Nacional, \u00e0 emiss\u00e3o do documento fiscal que formaliza a opera\u00e7\u00e3o ou a presta\u00e7\u00e3o de servi\u00e7os.<br>A regra tamb\u00e9m alcan\u00e7a opera\u00e7\u00f5es para entrega futura e documentos fiscais que alterem ou complementem valores anteriormente registrados.<\/p>\n\n\n\n<p class=\"wp-block-paragraph\"><strong>Sublimite passa a incluir o IBS<\/strong><\/p>\n\n\n\n<p class=\"wp-block-paragraph\">O sublimite de R$ 3,6 milh\u00f5es passa a ser considerado para fins de recolhimento do IBS, ICMS e ISS dentro do Simples Nacional.<\/p>\n\n\n\n<p class=\"wp-block-paragraph\">Tamb\u00e9m permanece o limite adicional de R$ 3,6 milh\u00f5es para exporta\u00e7\u00f5es, deixando de existir a antiga refer\u00eancia ao sublimite de R$ 1,8 milh\u00e3o.<\/p>\n\n\n\n<p class=\"wp-block-paragraph\"><strong>Fiscaliza\u00e7\u00e3o e cr\u00e9ditos tribut\u00e1rios<\/strong><\/p>\n\n\n\n<p class=\"wp-block-paragraph\">A regulamenta\u00e7\u00e3o traz regras espec\u00edficas para a fiscaliza\u00e7\u00e3o envolvendo o IBS e estabelece que, quando houver omiss\u00e3o de receita cuja origem n\u00e3o possa ser identificada, a autua\u00e7\u00e3o dever\u00e1 utilizar a maior al\u00edquota prevista na regulamenta\u00e7\u00e3o.<\/p>\n\n\n\n<p class=\"wp-block-paragraph\">Tamb\u00e9m foram disciplinadas regras relacionadas \u00e0 apropria\u00e7\u00e3o de cr\u00e9ditos de ICMS, IBS e CBS pelos adquirentes nas hip\u00f3teses previstas na Lei Complementar n\u00ba 123, de 2006.<\/p>\n\n\n\n<p class=\"wp-block-paragraph\"><strong>O que muda para o MEI?<\/strong><\/p>\n\n\n\n<p class=\"wp-block-paragraph\">O Microempreendedor Individual (MEI) passa a ter regra mais ampla de emiss\u00e3o de documentos fiscais.<\/p>\n\n\n\n<p class=\"wp-block-paragraph\">A nova reda\u00e7\u00e3o estabelece a emiss\u00e3o de documento fiscal nas vendas de mercadorias e nas presta\u00e7\u00f5es de servi\u00e7os realizadas pelo MEI.<\/p>\n\n\n\n<p class=\"wp-block-paragraph\">Nas presta\u00e7\u00f5es de servi\u00e7os, continuar\u00e1 sendo utilizada a Nota Fiscal de Servi\u00e7o eletr\u00f4nica (NFS-e) de padr\u00e3o nacional, emitida gratuitamente.<\/p>\n\n\n\n<p class=\"wp-block-paragraph\">J\u00e1 nas opera\u00e7\u00f5es com mercadorias e em determinadas presta\u00e7\u00f5es de transporte, a regulamenta\u00e7\u00e3o prev\u00ea a utiliza\u00e7\u00e3o preferencial e gratuita da Nota Fiscal F\u00e1cil (NFF).<\/p>\n\n\n\n<p class=\"wp-block-paragraph\"><strong>Defis deixa de existir como declara\u00e7\u00e3o separada<\/strong><\/p>\n\n\n\n<p class=\"wp-block-paragraph\">Outra medida de simplifica\u00e7\u00e3o \u00e9 a incorpora\u00e7\u00e3o das informa\u00e7\u00f5es socioecon\u00f4micas e fiscais diretamente ao PGDAS-D.<\/p>\n\n\n\n<p class=\"wp-block-paragraph\">As informa\u00e7\u00f5es dever\u00e3o ser prestadas uma vez por ano, entre janeiro e mar\u00e7o, dentro do pr\u00f3prio sistema. Com isso, a Declara\u00e7\u00e3o de Informa\u00e7\u00f5es Socioecon\u00f4micas e Fiscais (Defis) deixa de ser uma obriga\u00e7\u00e3o separada.<\/p>\n\n\n\n<p class=\"wp-block-paragraph\"><strong>O que as empresas devem observar desde j\u00e1?<\/strong><\/p>\n\n\n\n<p class=\"wp-block-paragraph\">As mudan\u00e7as exigem aten\u00e7\u00e3o especial de microempresas, empresas de pequeno porte, MEIs, contadores e demais profissionais que atuam na orienta\u00e7\u00e3o de contribuintes, principalmente em rela\u00e7\u00e3o:<\/p>\n\n\n\n<p class=\"wp-block-paragraph\">&nbsp;&#8211; aos novos per\u00edodos de op\u00e7\u00e3o pelo Simples Nacional;<\/p>\n\n\n\n<p class=\"wp-block-paragraph\">&#8211; \u00e0 possibilidade de recolhimento da CBS pelo regime regular;<\/p>\n\n\n\n<p class=\"wp-block-paragraph\">&nbsp;&#8211; \u00e0s novas regras de apura\u00e7\u00e3o e faturamento;<\/p>\n\n\n\n<p class=\"wp-block-paragraph\">&nbsp;&#8211; \u00e0s altera\u00e7\u00f5es aplic\u00e1veis ao MEI;<\/p>\n\n\n\n<p class=\"wp-block-paragraph\">&nbsp;&#8211; \u00e0 substitui\u00e7\u00e3o da Defis por informa\u00e7\u00f5es prestadas diretamente no PGDAS-D;<\/p>\n\n\n\n<p class=\"wp-block-paragraph\">&nbsp;&#8211; \u00e0s regras que entrar\u00e3o em vigor a partir de 2027.<\/p>\n\n\n\n<p class=\"wp-block-paragraph\"><strong>Fonte:<\/strong>&nbsp;<em>Receita Federal<\/em><\/p>\n\n\n\n<figure class=\"wp-block-image size-large\"><a href=\"https:\/\/consultoria.comtax.com.br\/cnd\"><img fetchpriority=\"high\" decoding=\"async\" width=\"1024\" height=\"173\" src=\"https:\/\/comtax.com.br\/wp-content\/uploads\/2026\/06\/Linkedin-1-1024x173.webp\" alt=\"\" class=\"wp-image-1881\" srcset=\"https:\/\/comtax.com.br\/wp-content\/uploads\/2026\/06\/Linkedin-1-1024x173.webp 1024w, https:\/\/comtax.com.br\/wp-content\/uploads\/2026\/06\/Linkedin-1-300x51.webp 300w, https:\/\/comtax.com.br\/wp-content\/uploads\/2026\/06\/Linkedin-1-768x130.webp 768w, https:\/\/comtax.com.br\/wp-content\/uploads\/2026\/06\/Linkedin-1.webp 1128w\" sizes=\"(max-width: 1024px) 100vw, 1024px\" \/><\/a><\/figure>","protected":false},"excerpt":{"rendered":"<p>Altera\u00e7\u00e3o inclui UF e munic\u00edpio de destino dos itens e exige adequa\u00e7\u00f5es nas integra\u00e7\u00f5es via API O&nbsp;Portal \u00danico Siscomex&nbsp;est\u00e1 incorporando \u00e0 Declara\u00e7\u00e3o \u00danica de Importa\u00e7\u00e3o (DUIMP) as altera\u00e7\u00f5es necess\u00e1rias \u00e0 implementa\u00e7\u00e3o da Reforma Tribut\u00e1ria do Consumo (RTC), com a inclus\u00e3o de informa\u00e7\u00f5es destinadas ao c\u00e1lculo e \u00e0 demonstra\u00e7\u00e3o do IBS e da CBS nas opera\u00e7\u00f5es [&hellip;]<\/p>\n","protected":false},"author":31,"featured_media":2049,"comment_status":"closed","ping_status":"","sticky":false,"template":"","format":"standard","meta":{"_acf_changed":false,"_joinchat":[],"footnotes":""},"categories":[1],"tags":[53,52,42,36],"class_list":["post-2048","post","type-post","status-publish","format-standard","has-post-thumbnail","hentry","category-sem-categoria","tag-cbs","tag-ibs","tag-icms","tag-reforma-tributaria"],"acf":[],"_links":{"self":[{"href":"https:\/\/comtax.com.br\/en\/wp-json\/wp\/v2\/posts\/2048","targetHints":{"allow":["GET"]}}],"collection":[{"href":"https:\/\/comtax.com.br\/en\/wp-json\/wp\/v2\/posts"}],"about":[{"href":"https:\/\/comtax.com.br\/en\/wp-json\/wp\/v2\/types\/post"}],"author":[{"embeddable":true,"href":"https:\/\/comtax.com.br\/en\/wp-json\/wp\/v2\/users\/31"}],"replies":[{"embeddable":true,"href":"https:\/\/comtax.com.br\/en\/wp-json\/wp\/v2\/comments?post=2048"}],"version-history":[{"count":1,"href":"https:\/\/comtax.com.br\/en\/wp-json\/wp\/v2\/posts\/2048\/revisions"}],"predecessor-version":[{"id":2050,"href":"https:\/\/comtax.com.br\/en\/wp-json\/wp\/v2\/posts\/2048\/revisions\/2050"}],"wp:featuredmedia":[{"embeddable":true,"href":"https:\/\/comtax.com.br\/en\/wp-json\/wp\/v2\/media\/2049"}],"wp:attachment":[{"href":"https:\/\/comtax.com.br\/en\/wp-json\/wp\/v2\/media?parent=2048"}],"wp:term":[{"taxonomy":"category","embeddable":true,"href":"https:\/\/comtax.com.br\/en\/wp-json\/wp\/v2\/categories?post=2048"},{"taxonomy":"post_tag","embeddable":true,"href":"https:\/\/comtax.com.br\/en\/wp-json\/wp\/v2\/tags?post=2048"}],"curies":[{"name":"wp","href":"https:\/\/api.w.org\/{rel}","templated":true}]}}